{"id":82129,"date":"2023-07-25T05:49:36","date_gmt":"2023-07-25T12:49:36","guid":{"rendered":"https:\/el-bar-de-propietarios-negros-mas-antiguo-de-sf-estuvo-a-punto-de-ser-vendido-pero-la-comunidad-lo-salvo\/"},"modified":"2024-05-13T00:19:58","modified_gmt":"2024-05-13T07:19:58","slug":"el-bar-de-propietarios-negros-mas-antiguo-de-sf-estuvo-a-punto-de-ser-vendido-pero-la-comunidad-lo-salvo","status":"publish","type":"post","link":"https:\/\/rencenter.org\/es\/el-bar-de-propietarios-negros-mas-antiguo-de-sf-estuvo-a-punto-de-ser-vendido-pero-la-comunidad-lo-salvo\/","title":{"rendered":"El bar de propietarios negros m\u00e1s antiguo de SF estuvo a punto de ser vendido, pero la comunidad lo salv\u00f3."},"content":{"rendered":"<div class=\"wp-block-image\">\n<figure class=\"alignleft size-full\"><img fetchpriority=\"high\" decoding=\"async\" width=\"300\" height=\"199\" src=\"http:\/\/rencenter.org\/wp-content\/uploads\/2023\/07\/San-Jordans.png-300x199-1.jpg\" alt=\"\" class=\"wp-image-67792\"\/><\/figure>\n<\/div>\n<p>Ruth Jordan imagin\u00f3 que abandonar el negocio ser\u00eda f\u00e1cil. Hab\u00eda pasado la mayor parte de su vida adulta regentando <a href=\"https:\/\/projects.sfchronicle.com\/guides\/classic-sf-bars\/\" target=\"_blank\" rel=\"noreferrer noopener\">el bar de propietarios negros m\u00e1s antiguo de San<\/a> Francisco, Sam Jordan&#8217;s, en Bayview. Pero \u00faltimamente, con la aparente ralentizaci\u00f3n de las ventas, el trabajo parec\u00eda llegar a su fin.<\/p>\n\n<p>&#8220;Estamos en un punto cr\u00edtico en el que tenemos que ser m\u00e1s proactivos a la hora de ayudar a estas empresas propiedad de negros, yendo realmente a ellas&#8221;, afirm\u00f3 <strong>Marcus Tartt, del Centro Empresarial Renaissance de Bayview<\/strong>. Ha trabajado con la familia Jordan en el pasado y le sorprendi\u00f3 ver la propiedad en venta.<\/p>\n\n<p>Jordan dijo que a\u00fan quedan decisiones por tomar sobre el futuro del bar y c\u00f3mo mantenerlo vivo en el futuro, pero por ahora se conforma con retirarlo del mercado. &#8220;Ahora veo a todas estas personas que me apoyan, que apoyan al bar&#8221;, dijo. &#8220;Cre\u00eda que estaba acabado, de verdad. Supongo que no&#8221;.<\/p>\n","protected":false},"excerpt":{"rendered":"<p>Ruth Jordan imagin\u00f3 que abandonar el negocio ser\u00eda f\u00e1cil. Hab\u00eda pasado la mayor parte de su vida adulta regentando el bar de propietarios negros m\u00e1s antiguo de San Francisco, Sam Jordan&#8217;s, en Bayview. Pero \u00faltimamente, con la aparente ralentizaci\u00f3n de las ventas, el trabajo parec\u00eda llegar a su fin.<\/p>\n","protected":false},"author":40,"featured_media":81128,"comment_status":"open","ping_status":"open","sticky":false,"template":"","format":"standard","meta":{"_acf_changed":false,"_eb_attr":"","inline_featured_image":false,"footnotes":""},"categories":[878,880],"tags":[],"class_list":["post-82129","post","type-post","status-publish","format-standard","has-post-thumbnail","hentry","category-noticias","category-cliente"],"acf":[],"yoast_head":"<!-- This site is optimized with the Yoast SEO plugin v27.3 - https:\/\/yoast.com\/product\/yoast-seo-wordpress\/ -->\n<title>El bar de propietarios negros m\u00e1s antiguo de SF estuvo a punto de ser vendido, pero la comunidad lo salv\u00f3. - Renaissance Entrepreneurship Center<\/title>\n<meta name=\"robots\" content=\"index, follow, max-snippet:-1, max-image-preview:large, max-video-preview:-1\" \/>\n<link rel=\"canonical\" href=\"https:\/\/rencenter.org\/es\/el-bar-de-propietarios-negros-mas-antiguo-de-sf-estuvo-a-punto-de-ser-vendido-pero-la-comunidad-lo-salvo\/\" \/>\n<meta property=\"og:locale\" content=\"es_ES\" \/>\n<meta property=\"og:type\" content=\"article\" \/>\n<meta property=\"og:title\" content=\"El bar de propietarios negros m\u00e1s antiguo de SF estuvo a punto de ser vendido, pero la comunidad lo salv\u00f3. - Renaissance Entrepreneurship Center\" \/>\n<meta property=\"og:description\" content=\"Ruth Jordan imagin\u00f3 que abandonar el negocio ser\u00eda f\u00e1cil. Hab\u00eda pasado la mayor parte de su vida adulta regentando el bar de propietarios negros m\u00e1s antiguo de San Francisco, Sam Jordan&#039;s, en Bayview. Pero \u00faltimamente, con la aparente ralentizaci\u00f3n de las ventas, el trabajo parec\u00eda llegar a su fin.\" \/>\n<meta property=\"og:url\" content=\"https:\/\/rencenter.org\/es\/el-bar-de-propietarios-negros-mas-antiguo-de-sf-estuvo-a-punto-de-ser-vendido-pero-la-comunidad-lo-salvo\/\" \/>\n<meta property=\"og:site_name\" content=\"Renaissance Entrepreneurship Center\" \/>\n<meta property=\"article:publisher\" content=\"https:\/\/www.facebook.com\/RenaissanceEntrepreneurshipCenter\" \/>\n<meta property=\"article:published_time\" content=\"2023-07-25T12:49:36+00:00\" \/>\n<meta property=\"article:modified_time\" content=\"2024-05-13T07:19:58+00:00\" \/>\n<meta property=\"og:image\" content=\"https:\/\/rencenter.org\/wp-content\/uploads\/2023\/07\/San-Jordans.png-300x199-1.jpg\" \/>\n\t<meta property=\"og:image:width\" content=\"300\" \/>\n\t<meta property=\"og:image:height\" content=\"199\" \/>\n\t<meta property=\"og:image:type\" content=\"image\/jpeg\" \/>\n<meta name=\"author\" content=\"Rencenter\" \/>\n<meta name=\"twitter:card\" content=\"summary_large_image\" \/>\n<meta name=\"twitter:creator\" content=\"@RenCenter_\" \/>\n<meta name=\"twitter:site\" content=\"@RenCenter_\" \/>\n<meta name=\"twitter:label1\" content=\"Escrito por\" \/>\n\t<meta name=\"twitter:data1\" content=\"Rencenter\" \/>\n\t<meta name=\"twitter:label2\" content=\"Tiempo de lectura\" \/>\n\t<meta name=\"twitter:data2\" content=\"1 minuto\" \/>\n<!-- \/ Yoast SEO plugin. -->","yoast_head_json":{"title":"El bar de propietarios negros m\u00e1s antiguo de SF estuvo a punto de ser vendido, pero la comunidad lo salv\u00f3. - Renaissance Entrepreneurship Center","robots":{"index":"index","follow":"follow","max-snippet":"max-snippet:-1","max-image-preview":"max-image-preview:large","max-video-preview":"max-video-preview:-1"},"canonical":"https:\/\/rencenter.org\/es\/el-bar-de-propietarios-negros-mas-antiguo-de-sf-estuvo-a-punto-de-ser-vendido-pero-la-comunidad-lo-salvo\/","og_locale":"es_ES","og_type":"article","og_title":"El bar de propietarios negros m\u00e1s antiguo de SF estuvo a punto de ser vendido, pero la comunidad lo salv\u00f3. - Renaissance Entrepreneurship Center","og_description":"Ruth Jordan imagin\u00f3 que abandonar el negocio ser\u00eda f\u00e1cil. Hab\u00eda pasado la mayor parte de su vida adulta regentando el bar de propietarios negros m\u00e1s antiguo de San Francisco, Sam Jordan's, en Bayview. Pero \u00faltimamente, con la aparente ralentizaci\u00f3n de las ventas, el trabajo parec\u00eda llegar a su fin.","og_url":"https:\/\/rencenter.org\/es\/el-bar-de-propietarios-negros-mas-antiguo-de-sf-estuvo-a-punto-de-ser-vendido-pero-la-comunidad-lo-salvo\/","og_site_name":"Renaissance Entrepreneurship Center","article_publisher":"https:\/\/www.facebook.com\/RenaissanceEntrepreneurshipCenter","article_published_time":"2023-07-25T12:49:36+00:00","article_modified_time":"2024-05-13T07:19:58+00:00","og_image":[{"width":300,"height":199,"url":"https:\/\/rencenter.org\/wp-content\/uploads\/2023\/07\/San-Jordans.png-300x199-1.jpg","type":"image\/jpeg"}],"author":"Rencenter","twitter_card":"summary_large_image","twitter_creator":"@RenCenter_","twitter_site":"@RenCenter_","twitter_misc":{"Escrito por":"Rencenter","Tiempo de lectura":"1 minuto"},"schema":{"@context":"https:\/\/schema.org","@graph":[{"@type":"Article","@id":"https:\/\/rencenter.org\/es\/el-bar-de-propietarios-negros-mas-antiguo-de-sf-estuvo-a-punto-de-ser-vendido-pero-la-comunidad-lo-salvo\/#article","isPartOf":{"@id":"https:\/\/rencenter.org\/es\/el-bar-de-propietarios-negros-mas-antiguo-de-sf-estuvo-a-punto-de-ser-vendido-pero-la-comunidad-lo-salvo\/"},"author":{"name":"Rencenter","@id":"https:\/\/rencenter.org\/es\/#\/schema\/person\/4ca2b7b52b6569c26a1d4ebcd4920400"},"headline":"El bar de propietarios negros m\u00e1s antiguo de SF estuvo a punto de ser vendido, pero la comunidad lo salv\u00f3.","datePublished":"2023-07-25T12:49:36+00:00","dateModified":"2024-05-13T07:19:58+00:00","mainEntityOfPage":{"@id":"https:\/\/rencenter.org\/es\/el-bar-de-propietarios-negros-mas-antiguo-de-sf-estuvo-a-punto-de-ser-vendido-pero-la-comunidad-lo-salvo\/"},"wordCount":188,"commentCount":0,"publisher":{"@id":"https:\/\/rencenter.org\/es\/#organization"},"image":{"@id":"https:\/\/rencenter.org\/es\/el-bar-de-propietarios-negros-mas-antiguo-de-sf-estuvo-a-punto-de-ser-vendido-pero-la-comunidad-lo-salvo\/#primaryimage"},"thumbnailUrl":"https:\/\/rencenter.org\/wp-content\/uploads\/2023\/07\/San-Jordans.png-300x199-1.jpg","articleSection":["Noticias","Cliente"],"inLanguage":"es","potentialAction":[{"@type":"CommentAction","name":"Comment","target":["https:\/\/rencenter.org\/es\/el-bar-de-propietarios-negros-mas-antiguo-de-sf-estuvo-a-punto-de-ser-vendido-pero-la-comunidad-lo-salvo\/#respond"]}]},{"@type":"WebPage","@id":"https:\/\/rencenter.org\/es\/el-bar-de-propietarios-negros-mas-antiguo-de-sf-estuvo-a-punto-de-ser-vendido-pero-la-comunidad-lo-salvo\/","url":"https:\/\/rencenter.org\/es\/el-bar-de-propietarios-negros-mas-antiguo-de-sf-estuvo-a-punto-de-ser-vendido-pero-la-comunidad-lo-salvo\/","name":"El bar de propietarios negros m\u00e1s antiguo de SF estuvo a punto de ser vendido, pero la comunidad lo salv\u00f3. - Renaissance Entrepreneurship Center","isPartOf":{"@id":"https:\/\/rencenter.org\/es\/#website"},"primaryImageOfPage":{"@id":"https:\/\/rencenter.org\/es\/el-bar-de-propietarios-negros-mas-antiguo-de-sf-estuvo-a-punto-de-ser-vendido-pero-la-comunidad-lo-salvo\/#primaryimage"},"image":{"@id":"https:\/\/rencenter.org\/es\/el-bar-de-propietarios-negros-mas-antiguo-de-sf-estuvo-a-punto-de-ser-vendido-pero-la-comunidad-lo-salvo\/#primaryimage"},"thumbnailUrl":"https:\/\/rencenter.org\/wp-content\/uploads\/2023\/07\/San-Jordans.png-300x199-1.jpg","datePublished":"2023-07-25T12:49:36+00:00","dateModified":"2024-05-13T07:19:58+00:00","breadcrumb":{"@id":"https:\/\/rencenter.org\/es\/el-bar-de-propietarios-negros-mas-antiguo-de-sf-estuvo-a-punto-de-ser-vendido-pero-la-comunidad-lo-salvo\/#breadcrumb"},"inLanguage":"es","potentialAction":[{"@type":"ReadAction","target":["https:\/\/rencenter.org\/es\/el-bar-de-propietarios-negros-mas-antiguo-de-sf-estuvo-a-punto-de-ser-vendido-pero-la-comunidad-lo-salvo\/"]}]},{"@type":"ImageObject","inLanguage":"es","@id":"https:\/\/rencenter.org\/es\/el-bar-de-propietarios-negros-mas-antiguo-de-sf-estuvo-a-punto-de-ser-vendido-pero-la-comunidad-lo-salvo\/#primaryimage","url":"https:\/\/rencenter.org\/wp-content\/uploads\/2023\/07\/San-Jordans.png-300x199-1.jpg","contentUrl":"https:\/\/rencenter.org\/wp-content\/uploads\/2023\/07\/San-Jordans.png-300x199-1.jpg","width":300,"height":199},{"@type":"BreadcrumbList","@id":"https:\/\/rencenter.org\/es\/el-bar-de-propietarios-negros-mas-antiguo-de-sf-estuvo-a-punto-de-ser-vendido-pero-la-comunidad-lo-salvo\/#breadcrumb","itemListElement":[{"@type":"ListItem","position":1,"name":"Home","item":"https:\/\/rencenter.org\/es\/"},{"@type":"ListItem","position":2,"name":"El bar de propietarios negros m\u00e1s antiguo de SF estuvo a punto de ser vendido, pero la comunidad lo salv\u00f3."}]},{"@type":"WebSite","@id":"https:\/\/rencenter.org\/es\/#website","url":"https:\/\/rencenter.org\/es\/","name":"Renaissance Entrepreneurship Center","description":"Transforming lives and communities through entrepreneurship","publisher":{"@id":"https:\/\/rencenter.org\/es\/#organization"},"potentialAction":[{"@type":"SearchAction","target":{"@type":"EntryPoint","urlTemplate":"https:\/\/rencenter.org\/es\/?s={search_term_string}"},"query-input":{"@type":"PropertyValueSpecification","valueRequired":true,"valueName":"search_term_string"}}],"inLanguage":"es"},{"@type":"Organization","@id":"https:\/\/rencenter.org\/es\/#organization","name":"Renaissance Entrepreneurship Center","url":"https:\/\/rencenter.org\/es\/","logo":{"@type":"ImageObject","inLanguage":"es","@id":"https:\/\/rencenter.org\/es\/#\/schema\/logo\/image\/","url":"https:\/\/rencenter.org\/wp-content\/uploads\/2024\/01\/rencenter.png","contentUrl":"https:\/\/rencenter.org\/wp-content\/uploads\/2024\/01\/rencenter.png","width":1080,"height":1080,"caption":"Renaissance Entrepreneurship Center"},"image":{"@id":"https:\/\/rencenter.org\/es\/#\/schema\/logo\/image\/"},"sameAs":["https:\/\/www.facebook.com\/RenaissanceEntrepreneurshipCenter","https:\/\/x.com\/RenCenter_"]},{"@type":"Person","@id":"https:\/\/rencenter.org\/es\/#\/schema\/person\/4ca2b7b52b6569c26a1d4ebcd4920400","name":"Rencenter","image":{"@type":"ImageObject","inLanguage":"es","@id":"https:\/\/secure.gravatar.com\/avatar\/19ab97150d2b0d17c9d17c76dca4bebc14abfee4a9279f5de913df6b65fcab5d?s=96&d=mm&r=g","url":"https:\/\/secure.gravatar.com\/avatar\/19ab97150d2b0d17c9d17c76dca4bebc14abfee4a9279f5de913df6b65fcab5d?s=96&d=mm&r=g","contentUrl":"https:\/\/secure.gravatar.com\/avatar\/19ab97150d2b0d17c9d17c76dca4bebc14abfee4a9279f5de913df6b65fcab5d?s=96&d=mm&r=g","caption":"Rencenter"},"url":"https:\/\/rencenter.org\/es\/author\/panda_center\/"}]}},"_links":{"self":[{"href":"https:\/\/rencenter.org\/es\/wp-json\/wp\/v2\/posts\/82129","targetHints":{"allow":["GET"]}}],"collection":[{"href":"https:\/\/rencenter.org\/es\/wp-json\/wp\/v2\/posts"}],"about":[{"href":"https:\/\/rencenter.org\/es\/wp-json\/wp\/v2\/types\/post"}],"author":[{"embeddable":true,"href":"https:\/\/rencenter.org\/es\/wp-json\/wp\/v2\/users\/40"}],"replies":[{"embeddable":true,"href":"https:\/\/rencenter.org\/es\/wp-json\/wp\/v2\/comments?post=82129"}],"version-history":[{"count":0,"href":"https:\/\/rencenter.org\/es\/wp-json\/wp\/v2\/posts\/82129\/revisions"}],"wp:featuredmedia":[{"embeddable":true,"href":"https:\/\/rencenter.org\/es\/wp-json\/wp\/v2\/media\/81128"}],"wp:attachment":[{"href":"https:\/\/rencenter.org\/es\/wp-json\/wp\/v2\/media?parent=82129"}],"wp:term":[{"taxonomy":"category","embeddable":true,"href":"https:\/\/rencenter.org\/es\/wp-json\/wp\/v2\/categories?post=82129"},{"taxonomy":"post_tag","embeddable":true,"href":"https:\/\/rencenter.org\/es\/wp-json\/wp\/v2\/tags?post=82129"}],"curies":[{"name":"wp","href":"https:\/\/api.w.org\/{rel}","templated":true}]}}