{"id":82127,"date":"2023-07-25T05:52:56","date_gmt":"2023-07-25T12:52:56","guid":{"rendered":"https:\/premios-james-beard-2019-para-el-pipila-bar-agricole-y-benu\/"},"modified":"2024-05-13T00:18:20","modified_gmt":"2024-05-13T07:18:20","slug":"premios-james-beard-2019-para-el-pipila-bar-agricole-y-benu","status":"publish","type":"post","link":"https:\/\/rencenter.org\/es\/premios-james-beard-2019-para-el-pipila-bar-agricole-y-benu\/","title":{"rendered":"Premios James Beard 2019 para El P\u00edpila, Bar Agricole y Benu"},"content":{"rendered":"<div class=\"wp-block-image\">\n<figure class=\"alignleft size-full\"><img fetchpriority=\"high\" decoding=\"async\" width=\"300\" height=\"221\" src=\"http:\/\/rencenter.org\/wp-content\/uploads\/2023\/07\/Pipila-300x221-1.jpg\" alt=\"\" class=\"wp-image-67796\"\/><\/figure>\n<\/div>\n<p>El P\u00edpila, <a href=\"https:\/\/www.sfchronicle.com\/food\/article\/El-Pipila-open-brannan-street-sf-soma-mexican-food-13447877.php\" target=\"_blank\" rel=\"noreferrer noopener\">una empresa familiar<\/a> dirigida por la chef propietaria Guadalupe Guerrero y sus hijas, Brenda y Alejandra, recibi\u00f3 el premio al Mejor Dise\u00f1o de Restaurante.<\/p>\n\n<p>La victoria de El P\u00edpila supone un cambio de ritmo, teniendo en cuenta que los<a href=\"https:\/\/www.sfchronicle.com\/insidescoop\/article\/Bay-Area-well-represented-in-2018-list-of-James-12753615.php\" target=\"_blank\" rel=\"noreferrer noopener\"> dos \u00faltimos restaurantes de San Francisco que encabezaron la categor\u00eda<\/a> eran establecimientos de alta cocina galardonados con estrellas Michelin.<\/p>\n\n<p><a href=\"https:\/\/www.sfchronicle.com\/food\/article\/El-Pipila-open-brannan-street-sf-soma-mexican-food-13447877.php\" target=\"_blank\" rel=\"noreferrer noopener\">El deslumbrante restaurante mexicano El P\u00edpila<\/a> de San Francisco y el popular basti\u00f3n de la cocteler\u00eda <a href=\"https:\/\/projects.sfchronicle.com\/2018\/top-100-restaurants\/bar-agricole\/\">Bar Agricole <\/a>fueron algunas de las estrellas de la ceremonia de entrega de premios de la Fundaci\u00f3n James Beard celebrada el lunes en Chicago, un acontecimiento que el mundo culinario compara con los Oscar.<\/p>\n","protected":false},"excerpt":{"rendered":"<p>El P\u00edpila, una empresa familiar dirigida por la chef propietaria Guadalupe Guerrero y sus hijas, Brenda y Alejandra, recibi\u00f3 el [&hellip;]<\/p>\n","protected":false},"author":40,"featured_media":81130,"comment_status":"open","ping_status":"open","sticky":false,"template":"","format":"standard","meta":{"_acf_changed":false,"_eb_attr":"","inline_featured_image":false,"footnotes":""},"categories":[878,880],"tags":[],"class_list":["post-82127","post","type-post","status-publish","format-standard","has-post-thumbnail","hentry","category-noticias","category-cliente"],"acf":[],"yoast_head":"<!-- This site is optimized with the Yoast SEO plugin v27.3 - https:\/\/yoast.com\/product\/yoast-seo-wordpress\/ -->\n<title>Premios James Beard 2019 para El P\u00edpila, Bar Agricole y Benu - Renaissance Entrepreneurship Center<\/title>\n<meta name=\"robots\" content=\"index, follow, max-snippet:-1, max-image-preview:large, max-video-preview:-1\" \/>\n<link rel=\"canonical\" href=\"https:\/\/rencenter.org\/es\/premios-james-beard-2019-para-el-pipila-bar-agricole-y-benu\/\" \/>\n<meta property=\"og:locale\" content=\"es_ES\" \/>\n<meta property=\"og:type\" content=\"article\" \/>\n<meta property=\"og:title\" content=\"Premios James Beard 2019 para El P\u00edpila, Bar Agricole y Benu - Renaissance Entrepreneurship Center\" \/>\n<meta property=\"og:description\" content=\"El P\u00edpila, una empresa familiar dirigida por la chef propietaria Guadalupe Guerrero y sus hijas, Brenda y Alejandra, recibi\u00f3 el [&hellip;]\" \/>\n<meta property=\"og:url\" content=\"https:\/\/rencenter.org\/es\/premios-james-beard-2019-para-el-pipila-bar-agricole-y-benu\/\" \/>\n<meta property=\"og:site_name\" content=\"Renaissance Entrepreneurship Center\" \/>\n<meta property=\"article:publisher\" content=\"https:\/\/www.facebook.com\/RenaissanceEntrepreneurshipCenter\" \/>\n<meta property=\"article:published_time\" content=\"2023-07-25T12:52:56+00:00\" \/>\n<meta property=\"article:modified_time\" content=\"2024-05-13T07:18:20+00:00\" \/>\n<meta property=\"og:image\" content=\"https:\/\/rencenter.org\/wp-content\/uploads\/2023\/07\/Pipila-300x221-1.jpg\" \/>\n\t<meta property=\"og:image:width\" content=\"300\" \/>\n\t<meta property=\"og:image:height\" content=\"221\" \/>\n\t<meta property=\"og:image:type\" content=\"image\/jpeg\" \/>\n<meta name=\"author\" content=\"Rencenter\" \/>\n<meta name=\"twitter:card\" content=\"summary_large_image\" \/>\n<meta name=\"twitter:creator\" content=\"@RenCenter_\" \/>\n<meta name=\"twitter:site\" content=\"@RenCenter_\" \/>\n<meta name=\"twitter:label1\" content=\"Escrito por\" \/>\n\t<meta name=\"twitter:data1\" content=\"Rencenter\" \/>\n\t<meta name=\"twitter:label2\" content=\"Tiempo de lectura\" \/>\n\t<meta name=\"twitter:data2\" content=\"1 minuto\" \/>\n<!-- \/ Yoast SEO plugin. -->","yoast_head_json":{"title":"Premios James Beard 2019 para El P\u00edpila, Bar Agricole y Benu - Renaissance Entrepreneurship Center","robots":{"index":"index","follow":"follow","max-snippet":"max-snippet:-1","max-image-preview":"max-image-preview:large","max-video-preview":"max-video-preview:-1"},"canonical":"https:\/\/rencenter.org\/es\/premios-james-beard-2019-para-el-pipila-bar-agricole-y-benu\/","og_locale":"es_ES","og_type":"article","og_title":"Premios James Beard 2019 para El P\u00edpila, Bar Agricole y Benu - Renaissance Entrepreneurship Center","og_description":"El P\u00edpila, una empresa familiar dirigida por la chef propietaria Guadalupe Guerrero y sus hijas, Brenda y Alejandra, recibi\u00f3 el [&hellip;]","og_url":"https:\/\/rencenter.org\/es\/premios-james-beard-2019-para-el-pipila-bar-agricole-y-benu\/","og_site_name":"Renaissance Entrepreneurship Center","article_publisher":"https:\/\/www.facebook.com\/RenaissanceEntrepreneurshipCenter","article_published_time":"2023-07-25T12:52:56+00:00","article_modified_time":"2024-05-13T07:18:20+00:00","og_image":[{"width":300,"height":221,"url":"https:\/\/rencenter.org\/wp-content\/uploads\/2023\/07\/Pipila-300x221-1.jpg","type":"image\/jpeg"}],"author":"Rencenter","twitter_card":"summary_large_image","twitter_creator":"@RenCenter_","twitter_site":"@RenCenter_","twitter_misc":{"Escrito por":"Rencenter","Tiempo de lectura":"1 minuto"},"schema":{"@context":"https:\/\/schema.org","@graph":[{"@type":"Article","@id":"https:\/\/rencenter.org\/es\/premios-james-beard-2019-para-el-pipila-bar-agricole-y-benu\/#article","isPartOf":{"@id":"https:\/\/rencenter.org\/es\/premios-james-beard-2019-para-el-pipila-bar-agricole-y-benu\/"},"author":{"name":"Rencenter","@id":"https:\/\/rencenter.org\/es\/#\/schema\/person\/4ca2b7b52b6569c26a1d4ebcd4920400"},"headline":"Premios James Beard 2019 para El P\u00edpila, Bar Agricole y Benu","datePublished":"2023-07-25T12:52:56+00:00","dateModified":"2024-05-13T07:18:20+00:00","mainEntityOfPage":{"@id":"https:\/\/rencenter.org\/es\/premios-james-beard-2019-para-el-pipila-bar-agricole-y-benu\/"},"wordCount":129,"commentCount":0,"publisher":{"@id":"https:\/\/rencenter.org\/es\/#organization"},"image":{"@id":"https:\/\/rencenter.org\/es\/premios-james-beard-2019-para-el-pipila-bar-agricole-y-benu\/#primaryimage"},"thumbnailUrl":"https:\/\/rencenter.org\/wp-content\/uploads\/2023\/07\/Pipila-300x221-1.jpg","articleSection":["Noticias","Cliente"],"inLanguage":"es","potentialAction":[{"@type":"CommentAction","name":"Comment","target":["https:\/\/rencenter.org\/es\/premios-james-beard-2019-para-el-pipila-bar-agricole-y-benu\/#respond"]}]},{"@type":"WebPage","@id":"https:\/\/rencenter.org\/es\/premios-james-beard-2019-para-el-pipila-bar-agricole-y-benu\/","url":"https:\/\/rencenter.org\/es\/premios-james-beard-2019-para-el-pipila-bar-agricole-y-benu\/","name":"Premios James Beard 2019 para El P\u00edpila, Bar Agricole y Benu - Renaissance Entrepreneurship Center","isPartOf":{"@id":"https:\/\/rencenter.org\/es\/#website"},"primaryImageOfPage":{"@id":"https:\/\/rencenter.org\/es\/premios-james-beard-2019-para-el-pipila-bar-agricole-y-benu\/#primaryimage"},"image":{"@id":"https:\/\/rencenter.org\/es\/premios-james-beard-2019-para-el-pipila-bar-agricole-y-benu\/#primaryimage"},"thumbnailUrl":"https:\/\/rencenter.org\/wp-content\/uploads\/2023\/07\/Pipila-300x221-1.jpg","datePublished":"2023-07-25T12:52:56+00:00","dateModified":"2024-05-13T07:18:20+00:00","breadcrumb":{"@id":"https:\/\/rencenter.org\/es\/premios-james-beard-2019-para-el-pipila-bar-agricole-y-benu\/#breadcrumb"},"inLanguage":"es","potentialAction":[{"@type":"ReadAction","target":["https:\/\/rencenter.org\/es\/premios-james-beard-2019-para-el-pipila-bar-agricole-y-benu\/"]}]},{"@type":"ImageObject","inLanguage":"es","@id":"https:\/\/rencenter.org\/es\/premios-james-beard-2019-para-el-pipila-bar-agricole-y-benu\/#primaryimage","url":"https:\/\/rencenter.org\/wp-content\/uploads\/2023\/07\/Pipila-300x221-1.jpg","contentUrl":"https:\/\/rencenter.org\/wp-content\/uploads\/2023\/07\/Pipila-300x221-1.jpg","width":300,"height":221},{"@type":"BreadcrumbList","@id":"https:\/\/rencenter.org\/es\/premios-james-beard-2019-para-el-pipila-bar-agricole-y-benu\/#breadcrumb","itemListElement":[{"@type":"ListItem","position":1,"name":"Home","item":"https:\/\/rencenter.org\/es\/"},{"@type":"ListItem","position":2,"name":"Premios James Beard 2019 para El P\u00edpila, Bar Agricole y Benu"}]},{"@type":"WebSite","@id":"https:\/\/rencenter.org\/es\/#website","url":"https:\/\/rencenter.org\/es\/","name":"Renaissance Entrepreneurship Center","description":"Transforming lives and communities through entrepreneurship","publisher":{"@id":"https:\/\/rencenter.org\/es\/#organization"},"potentialAction":[{"@type":"SearchAction","target":{"@type":"EntryPoint","urlTemplate":"https:\/\/rencenter.org\/es\/?s={search_term_string}"},"query-input":{"@type":"PropertyValueSpecification","valueRequired":true,"valueName":"search_term_string"}}],"inLanguage":"es"},{"@type":"Organization","@id":"https:\/\/rencenter.org\/es\/#organization","name":"Renaissance Entrepreneurship Center","url":"https:\/\/rencenter.org\/es\/","logo":{"@type":"ImageObject","inLanguage":"es","@id":"https:\/\/rencenter.org\/es\/#\/schema\/logo\/image\/","url":"https:\/\/rencenter.org\/wp-content\/uploads\/2024\/01\/rencenter.png","contentUrl":"https:\/\/rencenter.org\/wp-content\/uploads\/2024\/01\/rencenter.png","width":1080,"height":1080,"caption":"Renaissance Entrepreneurship Center"},"image":{"@id":"https:\/\/rencenter.org\/es\/#\/schema\/logo\/image\/"},"sameAs":["https:\/\/www.facebook.com\/RenaissanceEntrepreneurshipCenter","https:\/\/x.com\/RenCenter_"]},{"@type":"Person","@id":"https:\/\/rencenter.org\/es\/#\/schema\/person\/4ca2b7b52b6569c26a1d4ebcd4920400","name":"Rencenter","image":{"@type":"ImageObject","inLanguage":"es","@id":"https:\/\/secure.gravatar.com\/avatar\/19ab97150d2b0d17c9d17c76dca4bebc14abfee4a9279f5de913df6b65fcab5d?s=96&d=mm&r=g","url":"https:\/\/secure.gravatar.com\/avatar\/19ab97150d2b0d17c9d17c76dca4bebc14abfee4a9279f5de913df6b65fcab5d?s=96&d=mm&r=g","contentUrl":"https:\/\/secure.gravatar.com\/avatar\/19ab97150d2b0d17c9d17c76dca4bebc14abfee4a9279f5de913df6b65fcab5d?s=96&d=mm&r=g","caption":"Rencenter"},"url":"https:\/\/rencenter.org\/es\/author\/panda_center\/"}]}},"_links":{"self":[{"href":"https:\/\/rencenter.org\/es\/wp-json\/wp\/v2\/posts\/82127","targetHints":{"allow":["GET"]}}],"collection":[{"href":"https:\/\/rencenter.org\/es\/wp-json\/wp\/v2\/posts"}],"about":[{"href":"https:\/\/rencenter.org\/es\/wp-json\/wp\/v2\/types\/post"}],"author":[{"embeddable":true,"href":"https:\/\/rencenter.org\/es\/wp-json\/wp\/v2\/users\/40"}],"replies":[{"embeddable":true,"href":"https:\/\/rencenter.org\/es\/wp-json\/wp\/v2\/comments?post=82127"}],"version-history":[{"count":0,"href":"https:\/\/rencenter.org\/es\/wp-json\/wp\/v2\/posts\/82127\/revisions"}],"wp:featuredmedia":[{"embeddable":true,"href":"https:\/\/rencenter.org\/es\/wp-json\/wp\/v2\/media\/81130"}],"wp:attachment":[{"href":"https:\/\/rencenter.org\/es\/wp-json\/wp\/v2\/media?parent=82127"}],"wp:term":[{"taxonomy":"category","embeddable":true,"href":"https:\/\/rencenter.org\/es\/wp-json\/wp\/v2\/categories?post=82127"},{"taxonomy":"post_tag","embeddable":true,"href":"https:\/\/rencenter.org\/es\/wp-json\/wp\/v2\/tags?post=82127"}],"curies":[{"name":"wp","href":"https:\/\/api.w.org\/{rel}","templated":true}]}}