{"id":82115,"date":"2023-07-25T06:18:32","date_gmt":"2023-07-25T13:18:32","guid":{"rendered":"https:\/los-panaderos-negros-llegan-a-la-cima-en-east-bay\/"},"modified":"2024-05-10T01:34:56","modified_gmt":"2024-05-10T08:34:56","slug":"los-panaderos-negros-llegan-a-la-cima-en-east-bay","status":"publish","type":"post","link":"https:\/\/rencenter.org\/es\/los-panaderos-negros-llegan-a-la-cima-en-east-bay\/","title":{"rendered":"Los panaderos negros llegan a la cima en East Bay"},"content":{"rendered":"<div class=\"wp-block-image\">\n<figure class=\"alignleft size-full\"><img decoding=\"async\" width=\"250\" height=\"166\" src=\"http:\/\/rencenter.org\/wp-content\/uploads\/2023\/07\/GregorysGourmetDesserts-250x166-1.jpg\" alt=\"\" class=\"wp-image-67854\"\/><\/figure>\n<\/div>\n<p>El auge de estos negocios es indicativo del auge -y proliferaci\u00f3n- de las panader\u00edas propiedad de negros en el Este de la Bah\u00eda. En conjunto, representan una verdad silenciosa sobre una franja de unas pocas millas al este de San Francisco: Es un semillero de panaderos negros con talento.<\/p>\n\n<p>En los \u00faltimos a\u00f1os ha surgido una nueva generaci\u00f3n de panader\u00edas de propietarios negros: PieTisserie, <a href=\"https:\/\/gregorysgourmetdesserts.com\/\" target=\"_blank\" rel=\"noreferrer noopener\">Gregory&#8217;s Gourmet Desserts<\/a> y <a href=\"https:\/\/crumbleandwhisk.com\/\" target=\"_blank\" rel=\"noreferrer noopener\">Crumble and Whisk<\/a>, entre otras, todas ellas diseminadas por East Bay de diversas formas.<\/p>\n\n<blockquote class=\"wp-block-quote is-layout-flow wp-block-quote-is-layout-flow\">\n<p><\/p>\n<cite><strong>Proliferan los negocios propiedad de afroamericanos, que ofrecen acceso al mundo de la alimentaci\u00f3n.<\/strong><\/cite><\/blockquote>\n","protected":false},"excerpt":{"rendered":"<p>El auge de estos negocios es indicativo del auge -y proliferaci\u00f3n- de las panader\u00edas propiedad de negros en el Este [&hellip;]<\/p>\n","protected":false},"author":40,"featured_media":81137,"comment_status":"open","ping_status":"open","sticky":false,"template":"","format":"standard","meta":{"_acf_changed":false,"_eb_attr":"","inline_featured_image":false,"footnotes":""},"categories":[878,880],"tags":[],"class_list":["post-82115","post","type-post","status-publish","format-standard","has-post-thumbnail","hentry","category-noticias","category-cliente"],"acf":[],"yoast_head":"<!-- This site is optimized with the Yoast SEO plugin v27.3 - https:\/\/yoast.com\/product\/yoast-seo-wordpress\/ -->\n<title>Los panaderos negros llegan a la cima en East Bay - Renaissance Entrepreneurship Center<\/title>\n<meta name=\"robots\" content=\"index, follow, max-snippet:-1, max-image-preview:large, max-video-preview:-1\" \/>\n<link rel=\"canonical\" href=\"https:\/\/rencenter.org\/es\/los-panaderos-negros-llegan-a-la-cima-en-east-bay\/\" \/>\n<meta property=\"og:locale\" content=\"es_ES\" \/>\n<meta property=\"og:type\" content=\"article\" \/>\n<meta property=\"og:title\" content=\"Los panaderos negros llegan a la cima en East Bay - Renaissance Entrepreneurship Center\" \/>\n<meta property=\"og:description\" content=\"El auge de estos negocios es indicativo del auge -y proliferaci\u00f3n- de las panader\u00edas propiedad de negros en el Este [&hellip;]\" \/>\n<meta property=\"og:url\" content=\"https:\/\/rencenter.org\/es\/los-panaderos-negros-llegan-a-la-cima-en-east-bay\/\" \/>\n<meta property=\"og:site_name\" content=\"Renaissance Entrepreneurship Center\" \/>\n<meta property=\"article:publisher\" content=\"https:\/\/www.facebook.com\/RenaissanceEntrepreneurshipCenter\" \/>\n<meta property=\"article:published_time\" content=\"2023-07-25T13:18:32+00:00\" \/>\n<meta property=\"article:modified_time\" content=\"2024-05-10T08:34:56+00:00\" \/>\n<meta property=\"og:image\" content=\"https:\/\/rencenter.org\/wp-content\/uploads\/2023\/07\/GregorysGourmetDesserts-250x166-1.jpg\" \/>\n\t<meta property=\"og:image:width\" content=\"250\" \/>\n\t<meta property=\"og:image:height\" content=\"166\" \/>\n\t<meta property=\"og:image:type\" content=\"image\/jpeg\" \/>\n<meta name=\"author\" content=\"Rencenter\" \/>\n<meta name=\"twitter:card\" content=\"summary_large_image\" \/>\n<meta name=\"twitter:creator\" content=\"@RenCenter_\" \/>\n<meta name=\"twitter:site\" content=\"@RenCenter_\" \/>\n<meta name=\"twitter:label1\" content=\"Escrito por\" \/>\n\t<meta name=\"twitter:data1\" content=\"Rencenter\" \/>\n\t<meta name=\"twitter:label2\" content=\"Tiempo de lectura\" \/>\n\t<meta name=\"twitter:data2\" content=\"1 minuto\" \/>\n<!-- \/ Yoast SEO plugin. -->","yoast_head_json":{"title":"Los panaderos negros llegan a la cima en East Bay - Renaissance Entrepreneurship Center","robots":{"index":"index","follow":"follow","max-snippet":"max-snippet:-1","max-image-preview":"max-image-preview:large","max-video-preview":"max-video-preview:-1"},"canonical":"https:\/\/rencenter.org\/es\/los-panaderos-negros-llegan-a-la-cima-en-east-bay\/","og_locale":"es_ES","og_type":"article","og_title":"Los panaderos negros llegan a la cima en East Bay - Renaissance Entrepreneurship Center","og_description":"El auge de estos negocios es indicativo del auge -y proliferaci\u00f3n- de las panader\u00edas propiedad de negros en el Este [&hellip;]","og_url":"https:\/\/rencenter.org\/es\/los-panaderos-negros-llegan-a-la-cima-en-east-bay\/","og_site_name":"Renaissance Entrepreneurship Center","article_publisher":"https:\/\/www.facebook.com\/RenaissanceEntrepreneurshipCenter","article_published_time":"2023-07-25T13:18:32+00:00","article_modified_time":"2024-05-10T08:34:56+00:00","og_image":[{"width":250,"height":166,"url":"https:\/\/rencenter.org\/wp-content\/uploads\/2023\/07\/GregorysGourmetDesserts-250x166-1.jpg","type":"image\/jpeg"}],"author":"Rencenter","twitter_card":"summary_large_image","twitter_creator":"@RenCenter_","twitter_site":"@RenCenter_","twitter_misc":{"Escrito por":"Rencenter","Tiempo de lectura":"1 minuto"},"schema":{"@context":"https:\/\/schema.org","@graph":[{"@type":"Article","@id":"https:\/\/rencenter.org\/es\/los-panaderos-negros-llegan-a-la-cima-en-east-bay\/#article","isPartOf":{"@id":"https:\/\/rencenter.org\/es\/los-panaderos-negros-llegan-a-la-cima-en-east-bay\/"},"author":{"name":"Rencenter","@id":"https:\/\/rencenter.org\/es\/#\/schema\/person\/4ca2b7b52b6569c26a1d4ebcd4920400"},"headline":"Los panaderos negros llegan a la cima en East Bay","datePublished":"2023-07-25T13:18:32+00:00","dateModified":"2024-05-10T08:34:56+00:00","mainEntityOfPage":{"@id":"https:\/\/rencenter.org\/es\/los-panaderos-negros-llegan-a-la-cima-en-east-bay\/"},"wordCount":114,"commentCount":0,"publisher":{"@id":"https:\/\/rencenter.org\/es\/#organization"},"image":{"@id":"https:\/\/rencenter.org\/es\/los-panaderos-negros-llegan-a-la-cima-en-east-bay\/#primaryimage"},"thumbnailUrl":"https:\/\/rencenter.org\/wp-content\/uploads\/2023\/07\/GregorysGourmetDesserts-250x166-1.jpg","articleSection":["Noticias","Cliente"],"inLanguage":"es","potentialAction":[{"@type":"CommentAction","name":"Comment","target":["https:\/\/rencenter.org\/es\/los-panaderos-negros-llegan-a-la-cima-en-east-bay\/#respond"]}]},{"@type":"WebPage","@id":"https:\/\/rencenter.org\/es\/los-panaderos-negros-llegan-a-la-cima-en-east-bay\/","url":"https:\/\/rencenter.org\/es\/los-panaderos-negros-llegan-a-la-cima-en-east-bay\/","name":"Los panaderos negros llegan a la cima en East Bay - Renaissance Entrepreneurship Center","isPartOf":{"@id":"https:\/\/rencenter.org\/es\/#website"},"primaryImageOfPage":{"@id":"https:\/\/rencenter.org\/es\/los-panaderos-negros-llegan-a-la-cima-en-east-bay\/#primaryimage"},"image":{"@id":"https:\/\/rencenter.org\/es\/los-panaderos-negros-llegan-a-la-cima-en-east-bay\/#primaryimage"},"thumbnailUrl":"https:\/\/rencenter.org\/wp-content\/uploads\/2023\/07\/GregorysGourmetDesserts-250x166-1.jpg","datePublished":"2023-07-25T13:18:32+00:00","dateModified":"2024-05-10T08:34:56+00:00","breadcrumb":{"@id":"https:\/\/rencenter.org\/es\/los-panaderos-negros-llegan-a-la-cima-en-east-bay\/#breadcrumb"},"inLanguage":"es","potentialAction":[{"@type":"ReadAction","target":["https:\/\/rencenter.org\/es\/los-panaderos-negros-llegan-a-la-cima-en-east-bay\/"]}]},{"@type":"ImageObject","inLanguage":"es","@id":"https:\/\/rencenter.org\/es\/los-panaderos-negros-llegan-a-la-cima-en-east-bay\/#primaryimage","url":"https:\/\/rencenter.org\/wp-content\/uploads\/2023\/07\/GregorysGourmetDesserts-250x166-1.jpg","contentUrl":"https:\/\/rencenter.org\/wp-content\/uploads\/2023\/07\/GregorysGourmetDesserts-250x166-1.jpg","width":250,"height":166},{"@type":"BreadcrumbList","@id":"https:\/\/rencenter.org\/es\/los-panaderos-negros-llegan-a-la-cima-en-east-bay\/#breadcrumb","itemListElement":[{"@type":"ListItem","position":1,"name":"Home","item":"https:\/\/rencenter.org\/es\/"},{"@type":"ListItem","position":2,"name":"Los panaderos negros llegan a la cima en East Bay"}]},{"@type":"WebSite","@id":"https:\/\/rencenter.org\/es\/#website","url":"https:\/\/rencenter.org\/es\/","name":"Renaissance Entrepreneurship Center","description":"Transforming lives and communities through entrepreneurship","publisher":{"@id":"https:\/\/rencenter.org\/es\/#organization"},"potentialAction":[{"@type":"SearchAction","target":{"@type":"EntryPoint","urlTemplate":"https:\/\/rencenter.org\/es\/?s={search_term_string}"},"query-input":{"@type":"PropertyValueSpecification","valueRequired":true,"valueName":"search_term_string"}}],"inLanguage":"es"},{"@type":"Organization","@id":"https:\/\/rencenter.org\/es\/#organization","name":"Renaissance Entrepreneurship Center","url":"https:\/\/rencenter.org\/es\/","logo":{"@type":"ImageObject","inLanguage":"es","@id":"https:\/\/rencenter.org\/es\/#\/schema\/logo\/image\/","url":"https:\/\/rencenter.org\/wp-content\/uploads\/2024\/01\/rencenter.png","contentUrl":"https:\/\/rencenter.org\/wp-content\/uploads\/2024\/01\/rencenter.png","width":1080,"height":1080,"caption":"Renaissance Entrepreneurship Center"},"image":{"@id":"https:\/\/rencenter.org\/es\/#\/schema\/logo\/image\/"},"sameAs":["https:\/\/www.facebook.com\/RenaissanceEntrepreneurshipCenter","https:\/\/x.com\/RenCenter_"]},{"@type":"Person","@id":"https:\/\/rencenter.org\/es\/#\/schema\/person\/4ca2b7b52b6569c26a1d4ebcd4920400","name":"Rencenter","image":{"@type":"ImageObject","inLanguage":"es","@id":"https:\/\/secure.gravatar.com\/avatar\/19ab97150d2b0d17c9d17c76dca4bebc14abfee4a9279f5de913df6b65fcab5d?s=96&d=mm&r=g","url":"https:\/\/secure.gravatar.com\/avatar\/19ab97150d2b0d17c9d17c76dca4bebc14abfee4a9279f5de913df6b65fcab5d?s=96&d=mm&r=g","contentUrl":"https:\/\/secure.gravatar.com\/avatar\/19ab97150d2b0d17c9d17c76dca4bebc14abfee4a9279f5de913df6b65fcab5d?s=96&d=mm&r=g","caption":"Rencenter"},"url":"https:\/\/rencenter.org\/es\/author\/panda_center\/"}]}},"_links":{"self":[{"href":"https:\/\/rencenter.org\/es\/wp-json\/wp\/v2\/posts\/82115","targetHints":{"allow":["GET"]}}],"collection":[{"href":"https:\/\/rencenter.org\/es\/wp-json\/wp\/v2\/posts"}],"about":[{"href":"https:\/\/rencenter.org\/es\/wp-json\/wp\/v2\/types\/post"}],"author":[{"embeddable":true,"href":"https:\/\/rencenter.org\/es\/wp-json\/wp\/v2\/users\/40"}],"replies":[{"embeddable":true,"href":"https:\/\/rencenter.org\/es\/wp-json\/wp\/v2\/comments?post=82115"}],"version-history":[{"count":0,"href":"https:\/\/rencenter.org\/es\/wp-json\/wp\/v2\/posts\/82115\/revisions"}],"wp:featuredmedia":[{"embeddable":true,"href":"https:\/\/rencenter.org\/es\/wp-json\/wp\/v2\/media\/81137"}],"wp:attachment":[{"href":"https:\/\/rencenter.org\/es\/wp-json\/wp\/v2\/media?parent=82115"}],"wp:term":[{"taxonomy":"category","embeddable":true,"href":"https:\/\/rencenter.org\/es\/wp-json\/wp\/v2\/categories?post=82115"},{"taxonomy":"post_tag","embeddable":true,"href":"https:\/\/rencenter.org\/es\/wp-json\/wp\/v2\/tags?post=82115"}],"curies":[{"name":"wp","href":"https:\/\/api.w.org\/{rel}","templated":true}]}}